{"id":215136,"date":"2026-05-01T23:40:59","date_gmt":"2026-05-01T22:40:59","guid":{"rendered":"https:\/\/fallas.com\/?p=215136"},"modified":"2026-05-01T23:40:59","modified_gmt":"2026-05-01T22:40:59","slug":"leire-arellano-ruiz-bellea-del-foc-infantil-dalacant-2026","status":"publish","type":"post","link":"https:\/\/www.fallas.com\/va\/leire-arellano-ruiz-bellea-del-foc-infantil-dalacant-2026\/","title":{"rendered":"Leire Arellano Ruiz, Bellea del Foc Infantil d&#8217;Alacant 2026"},"content":{"rendered":"[vc_row type=&#8221;in_container&#8221; full_screen_row_position=&#8221;middle&#8221; column_margin=&#8221;default&#8221; column_direction=&#8221;default&#8221; column_direction_tablet=&#8221;default&#8221; column_direction_phone=&#8221;default&#8221; scene_position=&#8221;center&#8221; text_color=&#8221;dark&#8221; text_align=&#8221;left&#8221; row_border_radius=&#8221;none&#8221; row_border_radius_applies=&#8221;bg&#8221; overflow=&#8221;visible&#8221; overlay_strength=&#8221;0.3&#8243; gradient_direction=&#8221;left_to_right&#8221; shape_divider_position=&#8221;bottom&#8221; bg_image_animation=&#8221;none&#8221;][vc_column column_padding=&#8221;no-extra-padding&#8221; column_padding_tablet=&#8221;inherit&#8221; column_padding_phone=&#8221;inherit&#8221; column_padding_position=&#8221;all&#8221; column_element_direction_desktop=&#8221;default&#8221; column_element_spacing=&#8221;default&#8221; desktop_text_alignment=&#8221;default&#8221; tablet_text_alignment=&#8221;default&#8221; phone_text_alignment=&#8221;default&#8221; background_color_opacity=&#8221;1&#8243; background_hover_color_opacity=&#8221;1&#8243; column_backdrop_filter=&#8221;none&#8221; column_shadow=&#8221;none&#8221; column_border_radius=&#8221;none&#8221; column_link_target=&#8221;_self&#8221; column_position=&#8221;default&#8221; gradient_direction=&#8221;left_to_right&#8221; overlay_strength=&#8221;0.3&#8243; width=&#8221;1\/1&#8243; tablet_width_inherit=&#8221;default&#8221; animation_type=&#8221;default&#8221; bg_image_animation=&#8221;none&#8221; border_type=&#8221;simple&#8221; column_border_width=&#8221;none&#8221; column_border_style=&#8221;solid&#8221;][vc_column_text css=&#8221;&#8221; text_direction=&#8221;default&#8221;]\n<p style=\"text-align: justify;\">La Pla\u00e7a de Bous d&#8217;Alacant ha acollit l&#8217;elecci\u00f3 de la Bellea del Foc Infantil d&#8217;Alacant 2026. Una nit m\u00e0gica per a les 80 candidates infantils que ha portat per lema &#8220;Temps de Festa&#8221;, i que ha comptat amb l&#8217;assist\u00e8ncia de Marta Mercader, Fallera Major Infantil de Val\u00e8ncia.<\/p>\n<p><\/p>\n<p style=\"text-align: justify;\">Una nit sense dubte molt especial tamb\u00e9 per a Valentina T\u00e1rraga Quesada, Bellea del Foc Infantil 2025, que s&#8217;acomiadava de la seua ciutat al costat de les seues Dames d&#8217;Honor amb un emotiu discurs en el que ha tingut paraules per a les m\u00e0ximes representants infantils de les festes de la Magdalena de Castell\u00f3 i de les Falles de Val\u00e8ncia. Valentina, ha recordat a la FMIV de 2025, Luc\u00eda Garc\u00eda, i tamb\u00e9 ha dedicat unes afectuoses paraules a Marta Mercader, Fallera Major Infantil de Val\u00e8ncia.<\/p>\n<p><\/p>\n<p style=\"text-align: justify;\">L&#8217;acte, que ha sigut presentat per Triana Hurtado, Valeria G\u00f3mez i Nicol\u00e1s Garc\u00eda, ha arribat al seu moment m\u00e9s esperat quan han comen\u00e7at a sonar els noms de les xiquetes triades com a Dames d&#8217;Honor: Estrella del Mar Pelaez Garc\u00eda de la foguera Calvo Sotelo, Irene Straub Gonz\u00e1lez de la foguera Foguerer Carolinas, Luc\u00eda Colilla Gonz\u00e1lez de la foguera Explanada, Martina Albadalejo Quero de la foguera Virgen del Remedio-La Cruz, Nerea Navarro Cardoso de la foguera Av. Costablanca Entreplayas, i Alba Illana M\u00e1s, de la foguera Carolines Baixes.<\/p>\n<p><\/p>\n<p style=\"text-align: justify;\">Finalment, hem conegut el nom de la Bellea del Foc Infantil, Leire Arellano Ruiz, de la foguera Plaza del Mediterr\u00e1neo, nova m\u00e0xima representant infantil dels Fogueres de Sant Joan d&#8217;Alacant.<\/p>\n<p><\/p>\n<p style=\"text-align: justify;\">Des de Junta Central Fallera volem donar nostra m\u00e9s sincera enhorabona a les noves m\u00e0ximes representants infantils de les Fogueres i, especialment, a la Bellea del Foc Infantil, Leire Arellano Ruiz.<\/p>\n[\/vc_column_text][\/vc_column][\/vc_row][vc_row type=&#8221;in_container&#8221; full_screen_row_position=&#8221;middle&#8221; column_margin=&#8221;default&#8221; column_direction=&#8221;default&#8221; column_direction_tablet=&#8221;default&#8221; column_direction_phone=&#8221;default&#8221; scene_position=&#8221;center&#8221; text_color=&#8221;dark&#8221; text_align=&#8221;left&#8221; row_border_radius=&#8221;none&#8221; row_border_radius_applies=&#8221;bg&#8221; overflow=&#8221;visible&#8221; overlay_strength=&#8221;0.3&#8243; gradient_direction=&#8221;left_to_right&#8221; shape_divider_position=&#8221;bottom&#8221; bg_image_animation=&#8221;none&#8221;][vc_column column_padding=&#8221;no-extra-padding&#8221; column_padding_tablet=&#8221;inherit&#8221; column_padding_phone=&#8221;inherit&#8221; column_padding_position=&#8221;all&#8221; column_element_direction_desktop=&#8221;default&#8221; column_element_spacing=&#8221;default&#8221; desktop_text_alignment=&#8221;default&#8221; tablet_text_alignment=&#8221;default&#8221; phone_text_alignment=&#8221;default&#8221; background_color_opacity=&#8221;1&#8243; background_hover_color_opacity=&#8221;1&#8243; column_backdrop_filter=&#8221;none&#8221; column_shadow=&#8221;none&#8221; column_border_radius=&#8221;none&#8221; column_link_target=&#8221;_self&#8221; column_position=&#8221;default&#8221; gradient_direction=&#8221;left_to_right&#8221; overlay_strength=&#8221;0.3&#8243; width=&#8221;1\/1&#8243; tablet_width_inherit=&#8221;default&#8221; animation_type=&#8221;default&#8221; bg_image_animation=&#8221;none&#8221; border_type=&#8221;simple&#8221; column_border_width=&#8221;none&#8221; column_border_style=&#8221;solid&#8221;][vc_gallery css=&#8221;&#8221; type=&#8221;nectarslider_style&#8221; images=&#8221;215443,215441,215439,215437,215435,215433,215431,215429,215427,215425,215423,215421,215417,215415,215413,215411,215409,215407,215405,215403,215401,215399,215397,215395,215393,215391,215389,215387,215385,215383,215381,215379,215377,215375,215373,215371,215369,215367,215365,215363,215361,215359,215357,215355,215353,215351,215349,215347,215345,215343,215341,215339,215337,215335,215333,215331,215329,215327,215325,215323,215321,215319,215317,215315,215313,215311,215309,215307,215305,215303,215301,215299,215297,215295,215293,215291,215289,215287,215285,215283,215281,215279,215277,215275&#8243; image_loading=&#8221;default&#8221; ns_image_rendering=&#8221;default&#8221; ns_image_aspect_ratio=&#8221;16-9&#8243; bullet_navigation_style=&#8221;see_through&#8221; onclick=&#8221;link_image&#8221;][\/vc_column][\/vc_row][vc_row type=&#8221;in_container&#8221; full_screen_row_position=&#8221;middle&#8221; column_margin=&#8221;default&#8221; column_direction=&#8221;default&#8221; column_direction_tablet=&#8221;default&#8221; column_direction_phone=&#8221;default&#8221; scene_position=&#8221;center&#8221; text_color=&#8221;dark&#8221; text_align=&#8221;left&#8221; row_border_radius=&#8221;none&#8221; row_border_radius_applies=&#8221;bg&#8221; overflow=&#8221;visible&#8221; overlay_strength=&#8221;0.3&#8243; gradient_direction=&#8221;left_to_right&#8221; shape_divider_position=&#8221;bottom&#8221; bg_image_animation=&#8221;none&#8221;][vc_column column_padding=&#8221;no-extra-padding&#8221; column_padding_tablet=&#8221;inherit&#8221; column_padding_phone=&#8221;inherit&#8221; column_padding_position=&#8221;all&#8221; column_element_direction_desktop=&#8221;default&#8221; column_element_spacing=&#8221;default&#8221; desktop_text_alignment=&#8221;default&#8221; tablet_text_alignment=&#8221;default&#8221; phone_text_alignment=&#8221;default&#8221; background_color_opacity=&#8221;1&#8243; background_hover_color_opacity=&#8221;1&#8243; column_backdrop_filter=&#8221;none&#8221; column_shadow=&#8221;none&#8221; column_border_radius=&#8221;none&#8221; column_link_target=&#8221;_self&#8221; column_position=&#8221;default&#8221; gradient_direction=&#8221;left_to_right&#8221; overlay_strength=&#8221;0.3&#8243; width=&#8221;1\/1&#8243; tablet_width_inherit=&#8221;default&#8221; animation_type=&#8221;default&#8221; bg_image_animation=&#8221;none&#8221; border_type=&#8221;simple&#8221; column_border_width=&#8221;none&#8221; column_border_style=&#8221;solid&#8221;][vc_column_text css=&#8221;&#8221; text_direction=&#8221;default&#8221;]Fotografies: Fotofilmax (JCF)[\/vc_column_text][\/vc_column][\/vc_row]\n","protected":false},"excerpt":{"rendered":"<p>[vc_row type=&#8221;in_container&#8221; full_screen_row_position=&#8221;middle&#8221; column_margin=&#8221;default&#8221; column_direction=&#8221;default&#8221; column_direction_tablet=&#8221;default&#8221; column_direction_phone=&#8221;default&#8221; scene_position=&#8221;center&#8221; text_color=&#8221;dark&#8221; text_align=&#8221;left&#8221; row_border_radius=&#8221;none&#8221; row_border_radius_applies=&#8221;bg&#8221; overflow=&#8221;visible&#8221; overlay_strength=&#8221;0.3&#8243; gradient_direction=&#8221;left_to_right&#8221; shape_divider_position=&#8221;bottom&#8221; bg_image_animation=&#8221;none&#8221;][vc_column column_padding=&#8221;no-extra-padding&#8221; column_padding_tablet=&#8221;inherit&#8221; column_padding_phone=&#8221;inherit&#8221; column_padding_position=&#8221;all&#8221; column_element_direction_desktop=&#8221;default&#8221; column_element_spacing=&#8221;default&#8221; desktop_text_alignment=&#8221;default&#8221; tablet_text_alignment=&#8221;default&#8221; phone_text_alignment=&#8221;default&#8221; background_color_opacity=&#8221;1&#8243; background_hover_color_opacity=&#8221;1&#8243; column_backdrop_filter=&#8221;none&#8221; column_shadow=&#8221;none&#8221;&#8230;<\/p>\n","protected":false},"author":5,"featured_media":215316,"comment_status":"closed","ping_status":"closed","sticky":false,"template":"","format":"standard","meta":{"footnotes":""},"categories":[309],"tags":[],"class_list":{"0":"post-215136","1":"post","2":"type-post","3":"status-publish","4":"format-standard","5":"has-post-thumbnail","7":"category-noticias-va"},"_links":{"self":[{"href":"https:\/\/www.fallas.com\/va\/wp-json\/wp\/v2\/posts\/215136","targetHints":{"allow":["GET"]}}],"collection":[{"href":"https:\/\/www.fallas.com\/va\/wp-json\/wp\/v2\/posts"}],"about":[{"href":"https:\/\/www.fallas.com\/va\/wp-json\/wp\/v2\/types\/post"}],"author":[{"embeddable":true,"href":"https:\/\/www.fallas.com\/va\/wp-json\/wp\/v2\/users\/5"}],"replies":[{"embeddable":true,"href":"https:\/\/www.fallas.com\/va\/wp-json\/wp\/v2\/comments?post=215136"}],"version-history":[{"count":34,"href":"https:\/\/www.fallas.com\/va\/wp-json\/wp\/v2\/posts\/215136\/revisions"}],"predecessor-version":[{"id":215447,"href":"https:\/\/www.fallas.com\/va\/wp-json\/wp\/v2\/posts\/215136\/revisions\/215447"}],"wp:featuredmedia":[{"embeddable":true,"href":"https:\/\/www.fallas.com\/va\/wp-json\/wp\/v2\/media\/215316"}],"wp:attachment":[{"href":"https:\/\/www.fallas.com\/va\/wp-json\/wp\/v2\/media?parent=215136"}],"wp:term":[{"taxonomy":"category","embeddable":true,"href":"https:\/\/www.fallas.com\/va\/wp-json\/wp\/v2\/categories?post=215136"},{"taxonomy":"post_tag","embeddable":true,"href":"https:\/\/www.fallas.com\/va\/wp-json\/wp\/v2\/tags?post=215136"}],"curies":[{"name":"wp","href":"https:\/\/api.w.org\/{rel}","templated":true}]}}