{"id":215083,"date":"2026-05-01T17:17:24","date_gmt":"2026-05-01T16:17:24","guid":{"rendered":"https:\/\/fallas.com\/?p=215083"},"modified":"2026-05-01T17:17:42","modified_gmt":"2026-05-01T16:17:42","slug":"les-falles-celebren-la-gala-de-lartista-faller-2026","status":"publish","type":"post","link":"https:\/\/www.fallas.com\/va\/les-falles-celebren-la-gala-de-lartista-faller-2026\/","title":{"rendered":"Les Falles celebren la Gala de l&#8217;Artista Faller 2026"},"content":{"rendered":"[vc_row type=&#8221;in_container&#8221; full_screen_row_position=&#8221;middle&#8221; column_margin=&#8221;default&#8221; column_direction=&#8221;default&#8221; column_direction_tablet=&#8221;default&#8221; column_direction_phone=&#8221;default&#8221; scene_position=&#8221;center&#8221; text_color=&#8221;dark&#8221; text_align=&#8221;left&#8221; row_border_radius=&#8221;none&#8221; row_border_radius_applies=&#8221;bg&#8221; overflow=&#8221;visible&#8221; overlay_strength=&#8221;0.3&#8243; gradient_direction=&#8221;left_to_right&#8221; shape_divider_position=&#8221;bottom&#8221; bg_image_animation=&#8221;none&#8221;][vc_column column_padding=&#8221;no-extra-padding&#8221; column_padding_tablet=&#8221;inherit&#8221; column_padding_phone=&#8221;inherit&#8221; column_padding_position=&#8221;all&#8221; column_element_direction_desktop=&#8221;default&#8221; column_element_spacing=&#8221;default&#8221; desktop_text_alignment=&#8221;default&#8221; tablet_text_alignment=&#8221;default&#8221; phone_text_alignment=&#8221;default&#8221; background_color_opacity=&#8221;1&#8243; background_hover_color_opacity=&#8221;1&#8243; column_backdrop_filter=&#8221;none&#8221; column_shadow=&#8221;none&#8221; column_border_radius=&#8221;none&#8221; column_link_target=&#8221;_self&#8221; column_position=&#8221;default&#8221; gradient_direction=&#8221;left_to_right&#8221; overlay_strength=&#8221;0.3&#8243; width=&#8221;1\/1&#8243; tablet_width_inherit=&#8221;default&#8221; animation_type=&#8221;default&#8221; bg_image_animation=&#8221;none&#8221; border_type=&#8221;simple&#8221; column_border_width=&#8221;none&#8221; column_border_style=&#8221;solid&#8221;][vc_column_text css=&#8221;&#8221; text_direction=&#8221;default&#8221;]\n<p style=\"text-align: justify;\">L&#8217;Hemicicle de l&#8217;Ajuntament de la nostra ciutat ha acollit la Gala de l&#8217;Artista Faller, popularment coneguda com a &#8216;Gala dels 1&#8217;, que ha reunit a les nostres i als nostres artistes fallers en un acte molt emotiu en el qual s&#8217;han entregat els primers premis de secci\u00f3, d&#8217;enginy i gr\u00e0cia, millor ninot d&#8217;exposici\u00f3 i ninot amb m\u00e9s enginy i gr\u00e0cia, aix\u00ed com els ninots indultats i les millors falles experimentals de les Falles 2026.<\/p>\n<p><\/p>\n<p style=\"text-align: justify;\">Este acte tan especial, que cada any posa en valor l&#8217;ofici dels artistes fallers, que s\u00f3n pilar fonamental de la nostra festa, ha sigut presidit per les Falleres Majors de Val\u00e8ncia, Carmen Prades i Marta Mercader, el president de Junta Central Fallera i regidor de Falles, Santiago Ballester, i Vicente Juli\u00e1n Garc\u00eda Pastor, Mestre Major del Gremi Artes\u00e0 d&#8217;Artistes Fallers.<\/p>\n<p><\/p>\n<p style=\"text-align: justify;\">Entre els noms destacats, el de Zvonimir Ostoic (Zeta) en la categoria infantil i el de David S\u00e1nchez Llongo i Pedro Santaeulalia en categoria adulta. Recordem que Zeta es va al\u00e7ar amb el triomf en Secci\u00f3 Especial infantil per a la comissi\u00f3 Esparter-Ram\u00f3n y Cajal i tamb\u00e9 va aconseguir el ninot indultat per a esta comissi\u00f3.<\/p>\n<p><\/p>\n<p style=\"text-align: justify;\">D&#8217;altra banda, David S\u00e1nchez Llongo es va al\u00e7ar amb el primer premi de la secci\u00f3 especial per a la comissi\u00f3 Convent de Jerusalem mentres que Pedro Santaeulalia es va emportar el ninot indultat amb la falla Sueca-Literat Azor\u00edn.<\/p>\n<p><\/p>\n<p style=\"text-align: justify;\">La Fallera Major Infantil de Val\u00e8ncia, Marta Mercader, va confessar l&#8217;admiraci\u00f3 que sent cap a l&#8217;ofici: <em>&#8220;ARTISTA\u2026 Quina gran manera de definir-vos!&#8230; No sols per eixe art ef\u00edmer tan el vostre anomenat FALLA, sin\u00f3 per tot el que feu amb tanta creativitat, esfor\u00e7 i passi\u00f3. Us confesse que admire les vostres falles, per\u00f2 tamb\u00e9 el vostre ofici, perqu\u00e8 aconseguiu il\u00b7lusionar-nos en cada pla\u00e7a, en cada carrer\u2026&#8221;<\/em>. Un missatge al qual va voler unir el seu agra\u00efment:<em> &#8220;Gr\u00e0cies, en nom de tots els fallers i falleres infantils. Gr\u00e0cies per fer-nos felices i per molts anys m\u00e9s en qu\u00e8 ens tragueu un somriure en vore plantades les vostres falles. Perqu\u00e8 l&#8217;art m\u00e9s bonic del m\u00f3n \u00e9s el que es fa ac\u00ed, en la terreta, \u00e9s el nostre, s\u00f3n LES FALLES&#8230; Sempre FALLA&#8221;.<\/em><\/p>\n<p><\/p>\n<p style=\"text-align: justify;\">En la mateixa l\u00ednia ha pres la paraula la Fallera Major de Val\u00e8ncia, Carmen Prades, que tamb\u00e9 ha volgut agrair la gran labor dels nostres artistes: <em>&#8220;Hui em sent la dona m\u00e9s especial del m\u00f3n, envoltada de molts dels quals doneu sentit a la nostra festa. Gr\u00e0cies per no rendir-vos. Gr\u00e0cies per continuar creant. I gr\u00e0cies per fer que la festa continue viva&#8221;<\/em>.<\/p>\n<p><\/p>\n<p style=\"text-align: justify;\">Des de Junta Central Fallera ens sumem a estes paraules d&#8217;agra\u00efment i donem l&#8217;enhorabona a tots els guardonats i guardonades, animant-los a continuar fent falla.<\/p>\n[\/vc_column_text][\/vc_column][\/vc_row][vc_row type=&#8221;in_container&#8221; full_screen_row_position=&#8221;middle&#8221; column_margin=&#8221;default&#8221; column_direction=&#8221;default&#8221; column_direction_tablet=&#8221;default&#8221; column_direction_phone=&#8221;default&#8221; scene_position=&#8221;center&#8221; text_color=&#8221;dark&#8221; text_align=&#8221;left&#8221; row_border_radius=&#8221;none&#8221; row_border_radius_applies=&#8221;bg&#8221; overflow=&#8221;visible&#8221; overlay_strength=&#8221;0.3&#8243; gradient_direction=&#8221;left_to_right&#8221; shape_divider_position=&#8221;bottom&#8221; bg_image_animation=&#8221;none&#8221;][vc_column column_padding=&#8221;no-extra-padding&#8221; column_padding_tablet=&#8221;inherit&#8221; column_padding_phone=&#8221;inherit&#8221; column_padding_position=&#8221;all&#8221; column_element_direction_desktop=&#8221;default&#8221; column_element_spacing=&#8221;default&#8221; desktop_text_alignment=&#8221;default&#8221; tablet_text_alignment=&#8221;default&#8221; phone_text_alignment=&#8221;default&#8221; background_color_opacity=&#8221;1&#8243; background_hover_color_opacity=&#8221;1&#8243; column_backdrop_filter=&#8221;none&#8221; column_shadow=&#8221;none&#8221; column_border_radius=&#8221;none&#8221; column_link_target=&#8221;_self&#8221; column_position=&#8221;default&#8221; gradient_direction=&#8221;left_to_right&#8221; overlay_strength=&#8221;0.3&#8243; width=&#8221;1\/1&#8243; tablet_width_inherit=&#8221;default&#8221; animation_type=&#8221;default&#8221; bg_image_animation=&#8221;none&#8221; border_type=&#8221;simple&#8221; column_border_width=&#8221;none&#8221; column_border_style=&#8221;solid&#8221;][vc_gallery css=&#8221;&#8221; type=&#8221;nectarslider_style&#8221; images=&#8221;215079,215077,215075,215073,215071,215069,215067,215065,215063,215061,215059,215057,215055,215053,215051,215049,215047,215045,215043,215041,215039,215037,215035,215033,215031,215029,215027,215025,215023,215021,215019,215017,215015,215013,215011,215009,215007,215005,215003,215001,214999,214997,214995,214993,214991,214989,214987,214985,214983,214981,214979,214977,214975,214973,214971,214969,214967,214965,214963,214961,214959,214957,214955,214953,214951,214949,214947,214945,214943,214941,214939,214937,214935,214933,214931,214929,214927,214925,214923,214921,214919,214917,214915,214913,214911,214909,214907,214905,214903,214901,214899,214897&#8243; image_loading=&#8221;default&#8221; ns_image_rendering=&#8221;default&#8221; ns_image_aspect_ratio=&#8221;16-9&#8243; bullet_navigation_style=&#8221;see_through&#8221; onclick=&#8221;link_image&#8221;][\/vc_column][\/vc_row][vc_row type=&#8221;in_container&#8221; full_screen_row_position=&#8221;middle&#8221; column_margin=&#8221;default&#8221; column_direction=&#8221;default&#8221; column_direction_tablet=&#8221;default&#8221; column_direction_phone=&#8221;default&#8221; scene_position=&#8221;center&#8221; text_color=&#8221;dark&#8221; text_align=&#8221;left&#8221; row_border_radius=&#8221;none&#8221; row_border_radius_applies=&#8221;bg&#8221; overflow=&#8221;visible&#8221; overlay_strength=&#8221;0.3&#8243; gradient_direction=&#8221;left_to_right&#8221; shape_divider_position=&#8221;bottom&#8221; bg_image_animation=&#8221;none&#8221;][vc_column column_padding=&#8221;no-extra-padding&#8221; column_padding_tablet=&#8221;inherit&#8221; column_padding_phone=&#8221;inherit&#8221; column_padding_position=&#8221;all&#8221; column_element_direction_desktop=&#8221;default&#8221; column_element_spacing=&#8221;default&#8221; desktop_text_alignment=&#8221;default&#8221; tablet_text_alignment=&#8221;default&#8221; phone_text_alignment=&#8221;default&#8221; background_color_opacity=&#8221;1&#8243; background_hover_color_opacity=&#8221;1&#8243; column_backdrop_filter=&#8221;none&#8221; column_shadow=&#8221;none&#8221; column_border_radius=&#8221;none&#8221; column_link_target=&#8221;_self&#8221; column_position=&#8221;default&#8221; gradient_direction=&#8221;left_to_right&#8221; overlay_strength=&#8221;0.3&#8243; width=&#8221;1\/1&#8243; tablet_width_inherit=&#8221;default&#8221; animation_type=&#8221;default&#8221; bg_image_animation=&#8221;none&#8221; border_type=&#8221;simple&#8221; column_border_width=&#8221;none&#8221; column_border_style=&#8221;solid&#8221;][vc_column_text css=&#8221;&#8221; text_direction=&#8221;default&#8221;]Fotografies: Fotofilmax (JCF)[\/vc_column_text][\/vc_column][\/vc_row]\n","protected":false},"excerpt":{"rendered":"<p>[vc_row type=&#8221;in_container&#8221; full_screen_row_position=&#8221;middle&#8221; column_margin=&#8221;default&#8221; column_direction=&#8221;default&#8221; column_direction_tablet=&#8221;default&#8221; column_direction_phone=&#8221;default&#8221; scene_position=&#8221;center&#8221; text_color=&#8221;dark&#8221; text_align=&#8221;left&#8221; row_border_radius=&#8221;none&#8221; row_border_radius_applies=&#8221;bg&#8221; overflow=&#8221;visible&#8221; overlay_strength=&#8221;0.3&#8243; gradient_direction=&#8221;left_to_right&#8221; shape_divider_position=&#8221;bottom&#8221; bg_image_animation=&#8221;none&#8221;][vc_column column_padding=&#8221;no-extra-padding&#8221; column_padding_tablet=&#8221;inherit&#8221; column_padding_phone=&#8221;inherit&#8221; column_padding_position=&#8221;all&#8221; column_element_direction_desktop=&#8221;default&#8221; column_element_spacing=&#8221;default&#8221; desktop_text_alignment=&#8221;default&#8221; tablet_text_alignment=&#8221;default&#8221; phone_text_alignment=&#8221;default&#8221; background_color_opacity=&#8221;1&#8243; background_hover_color_opacity=&#8221;1&#8243; column_backdrop_filter=&#8221;none&#8221; column_shadow=&#8221;none&#8221;&#8230;<\/p>\n","protected":false},"author":5,"featured_media":214900,"comment_status":"closed","ping_status":"closed","sticky":false,"template":"","format":"standard","meta":{"footnotes":""},"categories":[309],"tags":[],"class_list":{"0":"post-215083","1":"post","2":"type-post","3":"status-publish","4":"format-standard","5":"has-post-thumbnail","7":"category-noticias-va"},"_links":{"self":[{"href":"https:\/\/www.fallas.com\/va\/wp-json\/wp\/v2\/posts\/215083","targetHints":{"allow":["GET"]}}],"collection":[{"href":"https:\/\/www.fallas.com\/va\/wp-json\/wp\/v2\/posts"}],"about":[{"href":"https:\/\/www.fallas.com\/va\/wp-json\/wp\/v2\/types\/post"}],"author":[{"embeddable":true,"href":"https:\/\/www.fallas.com\/va\/wp-json\/wp\/v2\/users\/5"}],"replies":[{"embeddable":true,"href":"https:\/\/www.fallas.com\/va\/wp-json\/wp\/v2\/comments?post=215083"}],"version-history":[{"count":22,"href":"https:\/\/www.fallas.com\/va\/wp-json\/wp\/v2\/posts\/215083\/revisions"}],"predecessor-version":[{"id":215177,"href":"https:\/\/www.fallas.com\/va\/wp-json\/wp\/v2\/posts\/215083\/revisions\/215177"}],"wp:featuredmedia":[{"embeddable":true,"href":"https:\/\/www.fallas.com\/va\/wp-json\/wp\/v2\/media\/214900"}],"wp:attachment":[{"href":"https:\/\/www.fallas.com\/va\/wp-json\/wp\/v2\/media?parent=215083"}],"wp:term":[{"taxonomy":"category","embeddable":true,"href":"https:\/\/www.fallas.com\/va\/wp-json\/wp\/v2\/categories?post=215083"},{"taxonomy":"post_tag","embeddable":true,"href":"https:\/\/www.fallas.com\/va\/wp-json\/wp\/v2\/tags?post=215083"}],"curies":[{"name":"wp","href":"https:\/\/api.w.org\/{rel}","templated":true}]}}